{"id":333,"date":"2024-07-15T17:00:00","date_gmt":"2024-07-15T15:00:00","guid":{"rendered":"https:\/\/sophrologue-eft-lyon.com\/rire-et-zen-attitude\/?p=333"},"modified":"2024-09-26T19:07:10","modified_gmt":"2024-09-26T17:07:10","slug":"seance-decouverte-yoga-du-rire-au-parc-de-la-tete-dor-lyon-6","status":"publish","type":"post","link":"https:\/\/sophrologue-eft-lyon.com\/rire-et-zen-attitude\/2024\/07\/15\/seance-decouverte-yoga-du-rire-au-parc-de-la-tete-dor-lyon-6\/","title":{"rendered":"S\u00e9ances d\u00e9couvertes de Yoga du Rire-Parc t\u00eate d&rsquo;Or &#8211; \u00e9t\u00e9 2024"},"content":{"rendered":"\r\n<h3>4 S\u00e9ances d\u00e9couvertes de <strong>Yoga du Rire<\/strong> au Parc de la T\u00eate d&rsquo;or \u00e0 Lyon 6e<\/h3>\r\n\r\n\r\n\r\n<p>La derni\u00e8re ligne droite des s\u00e9ances d\u00e9couvertes au parc\u2026<\/p>\r\n\r\n\r\n\r\n<p>Les activit\u00e9s de pr\u00e9vention et de mieux \u00eatre organis\u00e9es par l&rsquo;association Rire et Zen&rsquo;Attitude continuent. Apr\u00e8s la saison en salle, nous vous proposons <strong>4 s\u00e9ances de Yoga du Rire au parc de la t\u00eate d&rsquo;or \u00e0 Lyon 6e:<\/strong>\u00a0ce\u00a0<strong>mercredi 10 juillet \u00e0 18h30<\/strong>,\u00a0<strong>dimanche 21 juillet \u00e0 11h<\/strong>,\u00a0<strong>Dimanche 25 ao\u00fbt \u00e0 11h<\/strong>\u00a0et\u00a0<strong>dimanche 08 septembre \u00e0 10h<\/strong>, tous suivi d\u2019un repas partag\u00e9 sorti du sac. Cela en pr\u00e9paration de la reprise avec le nouveau programme que nous aurons pr\u00e9par\u00e9 pour vous\u2026 Une occasion pour faire une parenth\u00e8se dans la vie quotidienne: se poser, se d\u00e9tendre. Une pause bien-\u00eatre pour se recharger des \u00e9nergies positives, du bonheur et beaucoup de Rires.<\/p>\r\n\r\n\r\n\r\n<p>Notre but est de vous aider \u00e0 vous reconnecter \u00e0 vos ressources dont la joie de vivre, \u00e9vacuer le stress, les \u00e9motions douloureuses et comprim\u00e9es, retrouver le plaisir et la sociabilit\u00e9.<\/p>\r\n\r\n\r\n\r\n\r\n\r\n<p>Vous pouvez vous inscrire d\u00e8s maintenant par mail en laissant vos coordonn\u00e9es avec votre no de t\u00e9l\u00e9phone: contactrireetzenattitude@gmail.com ou par Helloasso-rireetzenattitude<img loading=\"lazy\" decoding=\"async\" class=\"wp-image-1186 alignright\" src=\"https:\/\/sophrologue-eft-lyon.com\/rire-et-zen-attitude\/wp-content\/uploads\/sites\/9\/2024\/07\/qrcode-Hel-Asso-ete24.png\" alt=\"\" width=\"103\" height=\"103\" \/><\/p>\r\n\r\n\r\n\r\n<p>Merci de partager cette info avec vos contacts et r\u00e9seaux.<\/p>\r\n\r\n\r\n\r\n<p>Venez nombreux profiter de cette possibilit\u00e9.<\/p>\r\n\r\n\r\n\r\n<p>Nous vous attendons, et h\u00e2te de vous voir ou revoir\u2026<\/p>\r\n\r\n\r\n\r\n<p>Nous vous souhaitons un bel \u00e9t\u00e9 et des bonnes vacances et vous disons \u00e0 bient\u00f4t avec plein de rires.<\/p>\r\n\r\n\r\n\r\n<p>Coeurdialement v\u00f4tre<\/p>\r\n\r\n\r\n\r\n<p>Souad Cartellier<\/p>\r\n<p><a href=\"https:\/\/sophrologue-eft-lyon.com\/rire-et-zen-attitude\/wp-content\/uploads\/sites\/9\/2023\/07\/S.decouv-YR-Tete-dor-24.jpg\">https:\/\/sophrologue-eft-lyon.com\/rire-et-zen-attitude\/wp-content\/uploads\/sites\/9\/2023\/07\/S.decouv-YR-Tete-dor-24.jpg<\/a><\/p>\r\n<p><img loading=\"lazy\" decoding=\"async\" class=\"alignnone wp-image-1183 size-large\" src=\"https:\/\/sophrologue-eft-lyon.com\/rire-et-zen-attitude\/wp-content\/uploads\/sites\/9\/2024\/07\/S.decouv-YR-Tete-dor-08-24-724x1024.jpg\" alt=\"\" width=\"724\" height=\"1024\" \/><\/p>\r\n<p>&nbsp;<\/p>\r\n\r\n<p>&nbsp;<\/p>\r\n","protected":false},"excerpt":{"rendered":"<p>Rire pour se faire du bien&#8230; simple et accessible \u00e0 tous&#8230; le mieux c&rsquo;est d&rsquo;essayer !<\/p>\n","protected":false},"author":3,"featured_media":0,"comment_status":"open","ping_status":"open","sticky":false,"template":"","format":"standard","meta":{"_et_pb_use_builder":"","_et_pb_old_content":"","_et_gb_content_width":"","footnotes":""},"categories":[19,29],"tags":[9],"class_list":["post-333","post","type-post","status-publish","format-standard","hentry","category-actualites","category-yoga-du-rire","tag-yoga-du-rire-au-parc-de-la-tete-dor-a-lyon"],"yoast_head":"<!-- This site is optimized with the Yoast SEO plugin v26.7 - https:\/\/yoast.com\/wordpress\/plugins\/seo\/ -->\n<title>Relaxation, d\u00e9tente, yoga du rire<\/title>\n<meta name=\"description\" content=\"Yoga du Rire au parc t\u00eate d&#039;or \u00e0 Lyon en juillet-ao\u00fbt. un temps pour soi, retrouvaille, d\u00e9tente, joie de vivre.\" \/>\n<meta name=\"robots\" content=\"index, follow, max-snippet:-1, max-image-preview:large, max-video-preview:-1\" \/>\n<link rel=\"canonical\" href=\"https:\/\/sophrologue-eft-lyon.com\/rire-et-zen-attitude\/2024\/07\/15\/seance-decouverte-yoga-du-rire-au-parc-de-la-tete-dor-lyon-6\/\" \/>\n<meta property=\"og:locale\" content=\"fr_FR\" \/>\n<meta property=\"og:type\" content=\"article\" \/>\n<meta property=\"og:title\" content=\"Relaxation, d\u00e9tente, yoga du rire\" \/>\n<meta property=\"og:description\" content=\"Yoga du Rire au parc t\u00eate d&#039;or \u00e0 Lyon en juillet-ao\u00fbt. un temps pour soi, retrouvaille, d\u00e9tente, joie de vivre.\" \/>\n<meta property=\"og:url\" content=\"https:\/\/sophrologue-eft-lyon.com\/rire-et-zen-attitude\/2024\/07\/15\/seance-decouverte-yoga-du-rire-au-parc-de-la-tete-dor-lyon-6\/\" \/>\n<meta property=\"og:site_name\" content=\"Rire et Zen attitude\" \/>\n<meta property=\"article:author\" content=\"https:\/\/www.facebook.com\/pages\/Sophrologie-Mouvement-Vie\/688663421193137\" \/>\n<meta property=\"article:published_time\" content=\"2024-07-15T15:00:00+00:00\" \/>\n<meta property=\"article:modified_time\" content=\"2024-09-26T17:07:10+00:00\" \/>\n<meta property=\"og:image\" content=\"https:\/\/sophrologue-eft-lyon.com\/rire-et-zen-attitude\/wp-content\/uploads\/sites\/9\/2024\/07\/qrcode-Hel-Asso-ete24.png\" \/>\n<meta name=\"author\" content=\"souad cartellier\" \/>\n<meta name=\"twitter:card\" content=\"summary_large_image\" \/>\n<meta name=\"twitter:label1\" content=\"\u00c9crit par\" \/>\n\t<meta name=\"twitter:data1\" content=\"souad cartellier\" \/>\n\t<meta name=\"twitter:label2\" content=\"Dur\u00e9e de lecture estim\u00e9e\" \/>\n\t<meta name=\"twitter:data2\" content=\"2 minutes\" \/>\n<script type=\"application\/ld+json\" class=\"yoast-schema-graph\">{\"@context\":\"https:\/\/schema.org\",\"@graph\":[{\"@type\":\"Article\",\"@id\":\"https:\/\/sophrologue-eft-lyon.com\/rire-et-zen-attitude\/2024\/07\/15\/seance-decouverte-yoga-du-rire-au-parc-de-la-tete-dor-lyon-6\/#article\",\"isPartOf\":{\"@id\":\"https:\/\/sophrologue-eft-lyon.com\/rire-et-zen-attitude\/2024\/07\/15\/seance-decouverte-yoga-du-rire-au-parc-de-la-tete-dor-lyon-6\/\"},\"author\":{\"name\":\"souad cartellier\",\"@id\":\"https:\/\/sophrologue-eft-lyon.com\/rire-et-zen-attitude\/#\/schema\/person\/a0803a286bf7bf58600dc9d55246d45a\"},\"headline\":\"S\u00e9ances d\u00e9couvertes de Yoga du Rire-Parc t\u00eate d&rsquo;Or &#8211; \u00e9t\u00e9 2024\",\"datePublished\":\"2024-07-15T15:00:00+00:00\",\"dateModified\":\"2024-09-26T17:07:10+00:00\",\"mainEntityOfPage\":{\"@id\":\"https:\/\/sophrologue-eft-lyon.com\/rire-et-zen-attitude\/2024\/07\/15\/seance-decouverte-yoga-du-rire-au-parc-de-la-tete-dor-lyon-6\/\"},\"wordCount\":284,\"commentCount\":0,\"publisher\":{\"@id\":\"https:\/\/sophrologue-eft-lyon.com\/rire-et-zen-attitude\/#\/schema\/person\/b5d6a3b9904aac61c6691dcb8565a296\"},\"image\":{\"@id\":\"https:\/\/sophrologue-eft-lyon.com\/rire-et-zen-attitude\/2024\/07\/15\/seance-decouverte-yoga-du-rire-au-parc-de-la-tete-dor-lyon-6\/#primaryimage\"},\"thumbnailUrl\":\"https:\/\/sophrologue-eft-lyon.com\/rire-et-zen-attitude\/wp-content\/uploads\/sites\/9\/2024\/07\/qrcode-Hel-Asso-ete24.png\",\"keywords\":[\"Yoga du rire au parc de la t\u00eate d'or \u00e0 Lyon\"],\"articleSection\":[\"Actualit\u00e9s\",\"Yoga du rire\"],\"inLanguage\":\"fr-FR\",\"potentialAction\":[{\"@type\":\"CommentAction\",\"name\":\"Comment\",\"target\":[\"https:\/\/sophrologue-eft-lyon.com\/rire-et-zen-attitude\/2024\/07\/15\/seance-decouverte-yoga-du-rire-au-parc-de-la-tete-dor-lyon-6\/#respond\"]}]},{\"@type\":\"WebPage\",\"@id\":\"https:\/\/sophrologue-eft-lyon.com\/rire-et-zen-attitude\/2024\/07\/15\/seance-decouverte-yoga-du-rire-au-parc-de-la-tete-dor-lyon-6\/\",\"url\":\"https:\/\/sophrologue-eft-lyon.com\/rire-et-zen-attitude\/2024\/07\/15\/seance-decouverte-yoga-du-rire-au-parc-de-la-tete-dor-lyon-6\/\",\"name\":\"Relaxation, d\u00e9tente, yoga du rire\",\"isPartOf\":{\"@id\":\"https:\/\/sophrologue-eft-lyon.com\/rire-et-zen-attitude\/#website\"},\"primaryImageOfPage\":{\"@id\":\"https:\/\/sophrologue-eft-lyon.com\/rire-et-zen-attitude\/2024\/07\/15\/seance-decouverte-yoga-du-rire-au-parc-de-la-tete-dor-lyon-6\/#primaryimage\"},\"image\":{\"@id\":\"https:\/\/sophrologue-eft-lyon.com\/rire-et-zen-attitude\/2024\/07\/15\/seance-decouverte-yoga-du-rire-au-parc-de-la-tete-dor-lyon-6\/#primaryimage\"},\"thumbnailUrl\":\"https:\/\/sophrologue-eft-lyon.com\/rire-et-zen-attitude\/wp-content\/uploads\/sites\/9\/2024\/07\/qrcode-Hel-Asso-ete24.png\",\"datePublished\":\"2024-07-15T15:00:00+00:00\",\"dateModified\":\"2024-09-26T17:07:10+00:00\",\"description\":\"Yoga du Rire au parc t\u00eate d'or \u00e0 Lyon en juillet-ao\u00fbt. un temps pour soi, retrouvaille, d\u00e9tente, joie de vivre.\",\"breadcrumb\":{\"@id\":\"https:\/\/sophrologue-eft-lyon.com\/rire-et-zen-attitude\/2024\/07\/15\/seance-decouverte-yoga-du-rire-au-parc-de-la-tete-dor-lyon-6\/#breadcrumb\"},\"inLanguage\":\"fr-FR\",\"potentialAction\":[{\"@type\":\"ReadAction\",\"target\":[\"https:\/\/sophrologue-eft-lyon.com\/rire-et-zen-attitude\/2024\/07\/15\/seance-decouverte-yoga-du-rire-au-parc-de-la-tete-dor-lyon-6\/\"]}]},{\"@type\":\"ImageObject\",\"inLanguage\":\"fr-FR\",\"@id\":\"https:\/\/sophrologue-eft-lyon.com\/rire-et-zen-attitude\/2024\/07\/15\/seance-decouverte-yoga-du-rire-au-parc-de-la-tete-dor-lyon-6\/#primaryimage\",\"url\":\"https:\/\/sophrologue-eft-lyon.com\/rire-et-zen-attitude\/wp-content\/uploads\/sites\/9\/2024\/07\/qrcode-Hel-Asso-ete24.png\",\"contentUrl\":\"https:\/\/sophrologue-eft-lyon.com\/rire-et-zen-attitude\/wp-content\/uploads\/sites\/9\/2024\/07\/qrcode-Hel-Asso-ete24.png\",\"width\":600,\"height\":600},{\"@type\":\"BreadcrumbList\",\"@id\":\"https:\/\/sophrologue-eft-lyon.com\/rire-et-zen-attitude\/2024\/07\/15\/seance-decouverte-yoga-du-rire-au-parc-de-la-tete-dor-lyon-6\/#breadcrumb\",\"itemListElement\":[{\"@type\":\"ListItem\",\"position\":1,\"name\":\"Accueil\",\"item\":\"https:\/\/sophrologue-eft-lyon.com\/rire-et-zen-attitude\/\"},{\"@type\":\"ListItem\",\"position\":2,\"name\":\"S\u00e9ances d\u00e9couvertes de Yoga du Rire-Parc t\u00eate d&rsquo;Or &#8211; \u00e9t\u00e9 2024\"}]},{\"@type\":\"WebSite\",\"@id\":\"https:\/\/sophrologue-eft-lyon.com\/rire-et-zen-attitude\/#website\",\"url\":\"https:\/\/sophrologue-eft-lyon.com\/rire-et-zen-attitude\/\",\"name\":\"Rire et Zen attitude\",\"description\":\"Aller de l\u2019avant quotidiennement\",\"publisher\":{\"@id\":\"https:\/\/sophrologue-eft-lyon.com\/rire-et-zen-attitude\/#\/schema\/person\/b5d6a3b9904aac61c6691dcb8565a296\"},\"potentialAction\":[{\"@type\":\"SearchAction\",\"target\":{\"@type\":\"EntryPoint\",\"urlTemplate\":\"https:\/\/sophrologue-eft-lyon.com\/rire-et-zen-attitude\/?s={search_term_string}\"},\"query-input\":{\"@type\":\"PropertyValueSpecification\",\"valueRequired\":true,\"valueName\":\"search_term_string\"}}],\"inLanguage\":\"fr-FR\"},{\"@type\":[\"Person\",\"Organization\"],\"@id\":\"https:\/\/sophrologue-eft-lyon.com\/rire-et-zen-attitude\/#\/schema\/person\/b5d6a3b9904aac61c6691dcb8565a296\",\"name\":\"adminsouad\",\"image\":{\"@type\":\"ImageObject\",\"inLanguage\":\"fr-FR\",\"@id\":\"https:\/\/sophrologue-eft-lyon.com\/rire-et-zen-attitude\/#\/schema\/person\/image\/\",\"url\":\"https:\/\/sophrologue-eft-lyon.com\/rire-et-zen-attitude\/wp-content\/uploads\/sites\/9\/2025\/07\/Logo-Asso-tres-petit-taille.jpg\",\"contentUrl\":\"https:\/\/sophrologue-eft-lyon.com\/rire-et-zen-attitude\/wp-content\/uploads\/sites\/9\/2025\/07\/Logo-Asso-tres-petit-taille.jpg\",\"width\":94,\"height\":140,\"caption\":\"adminsouad\"},\"logo\":{\"@id\":\"https:\/\/sophrologue-eft-lyon.com\/rire-et-zen-attitude\/#\/schema\/person\/image\/\"}},{\"@type\":\"Person\",\"@id\":\"https:\/\/sophrologue-eft-lyon.com\/rire-et-zen-attitude\/#\/schema\/person\/a0803a286bf7bf58600dc9d55246d45a\",\"name\":\"souad cartellier\",\"sameAs\":[\"http:\/\/sophrologue-eft-lyon.com\",\"https:\/\/www.facebook.com\/pages\/Sophrologie-Mouvement-Vie\/688663421193137\"],\"url\":\"https:\/\/sophrologue-eft-lyon.com\/rire-et-zen-attitude\/author\/souad2015\/\"}]}<\/script>\n<!-- \/ Yoast SEO plugin. -->","yoast_head_json":{"title":"Relaxation, d\u00e9tente, yoga du rire","description":"Yoga du Rire au parc t\u00eate d'or \u00e0 Lyon en juillet-ao\u00fbt. un temps pour soi, retrouvaille, d\u00e9tente, joie de vivre.","robots":{"index":"index","follow":"follow","max-snippet":"max-snippet:-1","max-image-preview":"max-image-preview:large","max-video-preview":"max-video-preview:-1"},"canonical":"https:\/\/sophrologue-eft-lyon.com\/rire-et-zen-attitude\/2024\/07\/15\/seance-decouverte-yoga-du-rire-au-parc-de-la-tete-dor-lyon-6\/","og_locale":"fr_FR","og_type":"article","og_title":"Relaxation, d\u00e9tente, yoga du rire","og_description":"Yoga du Rire au parc t\u00eate d'or \u00e0 Lyon en juillet-ao\u00fbt. un temps pour soi, retrouvaille, d\u00e9tente, joie de vivre.","og_url":"https:\/\/sophrologue-eft-lyon.com\/rire-et-zen-attitude\/2024\/07\/15\/seance-decouverte-yoga-du-rire-au-parc-de-la-tete-dor-lyon-6\/","og_site_name":"Rire et Zen attitude","article_author":"https:\/\/www.facebook.com\/pages\/Sophrologie-Mouvement-Vie\/688663421193137","article_published_time":"2024-07-15T15:00:00+00:00","article_modified_time":"2024-09-26T17:07:10+00:00","og_image":[{"url":"https:\/\/sophrologue-eft-lyon.com\/rire-et-zen-attitude\/wp-content\/uploads\/sites\/9\/2024\/07\/qrcode-Hel-Asso-ete24.png","type":"","width":"","height":""}],"author":"souad cartellier","twitter_card":"summary_large_image","twitter_misc":{"\u00c9crit par":"souad cartellier","Dur\u00e9e de lecture estim\u00e9e":"2 minutes"},"schema":{"@context":"https:\/\/schema.org","@graph":[{"@type":"Article","@id":"https:\/\/sophrologue-eft-lyon.com\/rire-et-zen-attitude\/2024\/07\/15\/seance-decouverte-yoga-du-rire-au-parc-de-la-tete-dor-lyon-6\/#article","isPartOf":{"@id":"https:\/\/sophrologue-eft-lyon.com\/rire-et-zen-attitude\/2024\/07\/15\/seance-decouverte-yoga-du-rire-au-parc-de-la-tete-dor-lyon-6\/"},"author":{"name":"souad cartellier","@id":"https:\/\/sophrologue-eft-lyon.com\/rire-et-zen-attitude\/#\/schema\/person\/a0803a286bf7bf58600dc9d55246d45a"},"headline":"S\u00e9ances d\u00e9couvertes de Yoga du Rire-Parc t\u00eate d&rsquo;Or &#8211; \u00e9t\u00e9 2024","datePublished":"2024-07-15T15:00:00+00:00","dateModified":"2024-09-26T17:07:10+00:00","mainEntityOfPage":{"@id":"https:\/\/sophrologue-eft-lyon.com\/rire-et-zen-attitude\/2024\/07\/15\/seance-decouverte-yoga-du-rire-au-parc-de-la-tete-dor-lyon-6\/"},"wordCount":284,"commentCount":0,"publisher":{"@id":"https:\/\/sophrologue-eft-lyon.com\/rire-et-zen-attitude\/#\/schema\/person\/b5d6a3b9904aac61c6691dcb8565a296"},"image":{"@id":"https:\/\/sophrologue-eft-lyon.com\/rire-et-zen-attitude\/2024\/07\/15\/seance-decouverte-yoga-du-rire-au-parc-de-la-tete-dor-lyon-6\/#primaryimage"},"thumbnailUrl":"https:\/\/sophrologue-eft-lyon.com\/rire-et-zen-attitude\/wp-content\/uploads\/sites\/9\/2024\/07\/qrcode-Hel-Asso-ete24.png","keywords":["Yoga du rire au parc de la t\u00eate d'or \u00e0 Lyon"],"articleSection":["Actualit\u00e9s","Yoga du rire"],"inLanguage":"fr-FR","potentialAction":[{"@type":"CommentAction","name":"Comment","target":["https:\/\/sophrologue-eft-lyon.com\/rire-et-zen-attitude\/2024\/07\/15\/seance-decouverte-yoga-du-rire-au-parc-de-la-tete-dor-lyon-6\/#respond"]}]},{"@type":"WebPage","@id":"https:\/\/sophrologue-eft-lyon.com\/rire-et-zen-attitude\/2024\/07\/15\/seance-decouverte-yoga-du-rire-au-parc-de-la-tete-dor-lyon-6\/","url":"https:\/\/sophrologue-eft-lyon.com\/rire-et-zen-attitude\/2024\/07\/15\/seance-decouverte-yoga-du-rire-au-parc-de-la-tete-dor-lyon-6\/","name":"Relaxation, d\u00e9tente, yoga du rire","isPartOf":{"@id":"https:\/\/sophrologue-eft-lyon.com\/rire-et-zen-attitude\/#website"},"primaryImageOfPage":{"@id":"https:\/\/sophrologue-eft-lyon.com\/rire-et-zen-attitude\/2024\/07\/15\/seance-decouverte-yoga-du-rire-au-parc-de-la-tete-dor-lyon-6\/#primaryimage"},"image":{"@id":"https:\/\/sophrologue-eft-lyon.com\/rire-et-zen-attitude\/2024\/07\/15\/seance-decouverte-yoga-du-rire-au-parc-de-la-tete-dor-lyon-6\/#primaryimage"},"thumbnailUrl":"https:\/\/sophrologue-eft-lyon.com\/rire-et-zen-attitude\/wp-content\/uploads\/sites\/9\/2024\/07\/qrcode-Hel-Asso-ete24.png","datePublished":"2024-07-15T15:00:00+00:00","dateModified":"2024-09-26T17:07:10+00:00","description":"Yoga du Rire au parc t\u00eate d'or \u00e0 Lyon en juillet-ao\u00fbt. un temps pour soi, retrouvaille, d\u00e9tente, joie de vivre.","breadcrumb":{"@id":"https:\/\/sophrologue-eft-lyon.com\/rire-et-zen-attitude\/2024\/07\/15\/seance-decouverte-yoga-du-rire-au-parc-de-la-tete-dor-lyon-6\/#breadcrumb"},"inLanguage":"fr-FR","potentialAction":[{"@type":"ReadAction","target":["https:\/\/sophrologue-eft-lyon.com\/rire-et-zen-attitude\/2024\/07\/15\/seance-decouverte-yoga-du-rire-au-parc-de-la-tete-dor-lyon-6\/"]}]},{"@type":"ImageObject","inLanguage":"fr-FR","@id":"https:\/\/sophrologue-eft-lyon.com\/rire-et-zen-attitude\/2024\/07\/15\/seance-decouverte-yoga-du-rire-au-parc-de-la-tete-dor-lyon-6\/#primaryimage","url":"https:\/\/sophrologue-eft-lyon.com\/rire-et-zen-attitude\/wp-content\/uploads\/sites\/9\/2024\/07\/qrcode-Hel-Asso-ete24.png","contentUrl":"https:\/\/sophrologue-eft-lyon.com\/rire-et-zen-attitude\/wp-content\/uploads\/sites\/9\/2024\/07\/qrcode-Hel-Asso-ete24.png","width":600,"height":600},{"@type":"BreadcrumbList","@id":"https:\/\/sophrologue-eft-lyon.com\/rire-et-zen-attitude\/2024\/07\/15\/seance-decouverte-yoga-du-rire-au-parc-de-la-tete-dor-lyon-6\/#breadcrumb","itemListElement":[{"@type":"ListItem","position":1,"name":"Accueil","item":"https:\/\/sophrologue-eft-lyon.com\/rire-et-zen-attitude\/"},{"@type":"ListItem","position":2,"name":"S\u00e9ances d\u00e9couvertes de Yoga du Rire-Parc t\u00eate d&rsquo;Or &#8211; \u00e9t\u00e9 2024"}]},{"@type":"WebSite","@id":"https:\/\/sophrologue-eft-lyon.com\/rire-et-zen-attitude\/#website","url":"https:\/\/sophrologue-eft-lyon.com\/rire-et-zen-attitude\/","name":"Rire et Zen attitude","description":"Aller de l\u2019avant quotidiennement","publisher":{"@id":"https:\/\/sophrologue-eft-lyon.com\/rire-et-zen-attitude\/#\/schema\/person\/b5d6a3b9904aac61c6691dcb8565a296"},"potentialAction":[{"@type":"SearchAction","target":{"@type":"EntryPoint","urlTemplate":"https:\/\/sophrologue-eft-lyon.com\/rire-et-zen-attitude\/?s={search_term_string}"},"query-input":{"@type":"PropertyValueSpecification","valueRequired":true,"valueName":"search_term_string"}}],"inLanguage":"fr-FR"},{"@type":["Person","Organization"],"@id":"https:\/\/sophrologue-eft-lyon.com\/rire-et-zen-attitude\/#\/schema\/person\/b5d6a3b9904aac61c6691dcb8565a296","name":"adminsouad","image":{"@type":"ImageObject","inLanguage":"fr-FR","@id":"https:\/\/sophrologue-eft-lyon.com\/rire-et-zen-attitude\/#\/schema\/person\/image\/","url":"https:\/\/sophrologue-eft-lyon.com\/rire-et-zen-attitude\/wp-content\/uploads\/sites\/9\/2025\/07\/Logo-Asso-tres-petit-taille.jpg","contentUrl":"https:\/\/sophrologue-eft-lyon.com\/rire-et-zen-attitude\/wp-content\/uploads\/sites\/9\/2025\/07\/Logo-Asso-tres-petit-taille.jpg","width":94,"height":140,"caption":"adminsouad"},"logo":{"@id":"https:\/\/sophrologue-eft-lyon.com\/rire-et-zen-attitude\/#\/schema\/person\/image\/"}},{"@type":"Person","@id":"https:\/\/sophrologue-eft-lyon.com\/rire-et-zen-attitude\/#\/schema\/person\/a0803a286bf7bf58600dc9d55246d45a","name":"souad cartellier","sameAs":["http:\/\/sophrologue-eft-lyon.com","https:\/\/www.facebook.com\/pages\/Sophrologie-Mouvement-Vie\/688663421193137"],"url":"https:\/\/sophrologue-eft-lyon.com\/rire-et-zen-attitude\/author\/souad2015\/"}]}},"_links":{"self":[{"href":"https:\/\/sophrologue-eft-lyon.com\/rire-et-zen-attitude\/wp-json\/wp\/v2\/posts\/333","targetHints":{"allow":["GET"]}}],"collection":[{"href":"https:\/\/sophrologue-eft-lyon.com\/rire-et-zen-attitude\/wp-json\/wp\/v2\/posts"}],"about":[{"href":"https:\/\/sophrologue-eft-lyon.com\/rire-et-zen-attitude\/wp-json\/wp\/v2\/types\/post"}],"author":[{"embeddable":true,"href":"https:\/\/sophrologue-eft-lyon.com\/rire-et-zen-attitude\/wp-json\/wp\/v2\/users\/3"}],"replies":[{"embeddable":true,"href":"https:\/\/sophrologue-eft-lyon.com\/rire-et-zen-attitude\/wp-json\/wp\/v2\/comments?post=333"}],"version-history":[{"count":31,"href":"https:\/\/sophrologue-eft-lyon.com\/rire-et-zen-attitude\/wp-json\/wp\/v2\/posts\/333\/revisions"}],"predecessor-version":[{"id":1187,"href":"https:\/\/sophrologue-eft-lyon.com\/rire-et-zen-attitude\/wp-json\/wp\/v2\/posts\/333\/revisions\/1187"}],"wp:attachment":[{"href":"https:\/\/sophrologue-eft-lyon.com\/rire-et-zen-attitude\/wp-json\/wp\/v2\/media?parent=333"}],"wp:term":[{"taxonomy":"category","embeddable":true,"href":"https:\/\/sophrologue-eft-lyon.com\/rire-et-zen-attitude\/wp-json\/wp\/v2\/categories?post=333"},{"taxonomy":"post_tag","embeddable":true,"href":"https:\/\/sophrologue-eft-lyon.com\/rire-et-zen-attitude\/wp-json\/wp\/v2\/tags?post=333"}],"curies":[{"name":"wp","href":"https:\/\/api.w.org\/{rel}","templated":true}]}}